{"id":3170,"date":"2026-03-01T10:16:48","date_gmt":"2026-03-01T10:16:48","guid":{"rendered":"https:\/\/santamariaigualada.com\/cat\/?p=3170"},"modified":"2026-03-01T10:20:00","modified_gmt":"2026-03-01T10:20:00","slug":"reflexio-quaresmal","status":"publish","type":"post","link":"https:\/\/santamariaigualada.com\/cat\/?p=3170","title":{"rendered":"Reflexi\u00f3 Quaresmal"},"content":{"rendered":"\n<p>Divendres passat v\u00e0rem celebrar a la Bas\u00edlica el segon Miserere al Sant Crist d&#8217;Igualada dins els actes quaresmals que, com cada any, organitzats pels priors i amb una nombrosa participaci\u00f3 dels fidels, duem a terme en aquest cam\u00ed cap a la Pasqua, guiats per la devoci\u00f3 al nostre Sant Crist.<\/p>\n\n\n\n<p>En aquesta ocasi\u00f3 va presidir la preg\u00e0ria i posterior eucaristia <a href=\"https:\/\/ca.wikipedia.org\/wiki\/Carles_Riera_i_Fonts\" target=\"_blank\" rel=\"noreferrer noopener\">Mn. Carles Riera<\/a>, &nbsp;rector dels Prats del Rei i Sant Pere de Sallavinera. <\/p>\n\n\n\n<p>Des d\u2019aqu\u00ed ens agrada compartir la reflexi\u00f3 que va fer Mn. Carles en la seva homilia, pels que hi v\u00e0reu ser a fi de poder-hi reflexionar de nou, i pels que no hi v\u00e0reu poder assistir, perqu\u00e8 ens ha semblat un escrit conc\u00eds i interessant amb els ulls posats en la mirada endavant cap a la Pasqua. Esperem que us agradi.<\/p>\n\n\n\n<p>(Homilia pronunciada en el Miserere del segon divendres quaresmal a la bas\u00edlica de Santa Maria d\u2019Igualada, 27 de febrer del 2026)<\/p>\n\n\n\n<p><em>&#8220;Amics preveres, diaca, priors i priores del Sant Crist, igualadins i igualadines.<\/em><\/p>\n\n\n\n<p><em>Us proposo set idees o set breus reflexions per a aquesta quaresma, en el cam\u00ed cap a la Pasqua.<\/em><\/p>\n\n\n\n<p><em><strong>Primera idea<\/strong>. La quaresma, com sabeu prou b\u00e9, \u00e9s una preparaci\u00f3 per a la Pasqua. Aquests dies sentim els mots penit\u00e8ncia, conversi\u00f3, privacions, etc., per\u00f2 no hem de perdre de vista que la quaresma \u00e9s un temps de preparaci\u00f3 per a la Pasqua.<\/em><\/p>\n\n\n\n<p><em><strong>Segona idea<\/strong>. La quaresma ens convida a tornar a posar el misteri de D\u00e9u al centre de la nostra vida. I qu\u00e8 vol dir aix\u00f2? Doncs procurar que la fe de cadascun de nosaltres retrobi el seu impuls, per tal que no minvi ni desaparegui. La fe l\u2019hem d\u2019anar alimentant. Per aix\u00f2 som aqu\u00ed avui. I hem de procurar tamb\u00e9 que el nostre cor no es dispersi enmig d\u2019inquietuds i distraccions quotidianes, sin\u00f3 donar import\u00e0ncia a all\u00f2 que veritablement en t\u00e9.<\/em><\/p>\n\n\n\n<p><em><strong>Tercera idea<\/strong>. La quaresma ens convida a acollir la Paraula \u2014amb maj\u00fascula\u2014, a fer-li un espai d\u2019hospitalitat dins nostre. Escoltar atentament la Paraula ens entrena per saber escoltar tantes veus que ens parlen des del patiment, des del dolor, des de la injusticia. &nbsp;Avui l\u2019evangeli ens ensinistrava a fer les paus amb tothom, a deixar l\u2019ofrena al peu de l\u2019altar i anar-nos-en primer a reconciliar-nos amb el qui guarda ranc\u00fania contra nosaltres, fins i tot en el cas que no siguem conscients de cap mena d\u2019animadversi\u00f3 o antipatia per part nostra.<\/em><\/p>\n\n\n\n<p><em><strong>Quarta idea<\/strong>. La quaresma ens ensenya a adquirir un estil de vida m\u00e9s sobri, perqu\u00e8 l\u2019austeritat fa forta i aut\u00e8ntica la vida cristiana. Ens ensenya a no acumular capricis innecessaris.<\/em><\/p>\n\n\n\n<p><em><strong>Cinquena idea<\/strong>. La quaresma ens ensenya a cultivar la bondat, a esfor\u00e7ar-nos a anar teixint complicitats, a formar comunitat. Aquest Miserere convida a aplegar-nos i a compartir una visi\u00f3 del m\u00f3n i de l\u2019exist\u00e8ncia humana sota el guiatge de Jesucrist.&nbsp;<\/em><\/p>\n\n\n\n<p><em><strong>Sisena idea<\/strong>. La quaresma ens invita a saber viure amb cordialitat i amb coratge. I ara fixeu-vos en l\u2019etimologia d\u2019aquestes dues paraules. Tant cordialitat com coratge venen de cor, per\u00f2 volen dir coses diferents. Ser cordial vol dir anar amb el cor a la m\u00e0, ser pac\u00edfic, bondad\u00f3s. I tenir coratge vol dir fer el cor fort, afrontar les dificultats amb esfor\u00e7 i decisi\u00f3. Hem de saber viure combinant la cordialitat i el coratge.<\/em><\/p>\n\n\n\n<p><em><strong>Setena i \u00faltima idea<\/strong>. El Dimecres de Cendra record\u00e0vem que som pols \u2014pols c\u00f3smica, pols d\u2019estel, diuen els avis\u2014i que tornarem a la pols de la terra. S\u00ed, per\u00f2 el nostre dest\u00ed no \u00e9s la cendra, sin\u00f3 la resurrecci\u00f3. El nostre objectiu \u00e9s compartir la vida amb Crist ressuscitat!&#8221;<\/em><\/p>\n\n\n\n<p class=\"has-text-align-right\">Mn. Carles Riera<\/p>\n","protected":false},"excerpt":{"rendered":"<p>Divendres passat v\u00e0rem celebrar a la Bas\u00edlica el segon Miserere al Sant Crist d&#8217;Igualada dins els actes quaresmals que, com cada any, organitzats pels priors i amb una nombrosa participaci\u00f3&hellip;<\/p>\n","protected":false},"author":1,"featured_media":3168,"comment_status":"closed","ping_status":"closed","sticky":false,"template":"","format":"standard","meta":{"footnotes":""},"categories":[1],"tags":[],"class_list":["post-3170","post","type-post","status-publish","format-standard","has-post-thumbnail","hentry","category-uncategorized"],"_links":{"self":[{"href":"https:\/\/santamariaigualada.com\/cat\/index.php?rest_route=\/wp\/v2\/posts\/3170","targetHints":{"allow":["GET"]}}],"collection":[{"href":"https:\/\/santamariaigualada.com\/cat\/index.php?rest_route=\/wp\/v2\/posts"}],"about":[{"href":"https:\/\/santamariaigualada.com\/cat\/index.php?rest_route=\/wp\/v2\/types\/post"}],"author":[{"embeddable":true,"href":"https:\/\/santamariaigualada.com\/cat\/index.php?rest_route=\/wp\/v2\/users\/1"}],"replies":[{"embeddable":true,"href":"https:\/\/santamariaigualada.com\/cat\/index.php?rest_route=%2Fwp%2Fv2%2Fcomments&post=3170"}],"version-history":[{"count":4,"href":"https:\/\/santamariaigualada.com\/cat\/index.php?rest_route=\/wp\/v2\/posts\/3170\/revisions"}],"predecessor-version":[{"id":3174,"href":"https:\/\/santamariaigualada.com\/cat\/index.php?rest_route=\/wp\/v2\/posts\/3170\/revisions\/3174"}],"wp:featuredmedia":[{"embeddable":true,"href":"https:\/\/santamariaigualada.com\/cat\/index.php?rest_route=\/wp\/v2\/media\/3168"}],"wp:attachment":[{"href":"https:\/\/santamariaigualada.com\/cat\/index.php?rest_route=%2Fwp%2Fv2%2Fmedia&parent=3170"}],"wp:term":[{"taxonomy":"category","embeddable":true,"href":"https:\/\/santamariaigualada.com\/cat\/index.php?rest_route=%2Fwp%2Fv2%2Fcategories&post=3170"},{"taxonomy":"post_tag","embeddable":true,"href":"https:\/\/santamariaigualada.com\/cat\/index.php?rest_route=%2Fwp%2Fv2%2Ftags&post=3170"}],"curies":[{"name":"wp","href":"https:\/\/api.w.org\/{rel}","templated":true}]}}