{"id":2904,"date":"2026-01-08T17:27:00","date_gmt":"2026-01-08T17:27:00","guid":{"rendered":"https:\/\/santamariaigualada.com\/cat\/?p=2904"},"modified":"2026-01-08T17:27:02","modified_gmt":"2026-01-08T17:27:02","slug":"nou-cicle-de-conferencies-arxiprestals","status":"publish","type":"post","link":"https:\/\/santamariaigualada.com\/cat\/?p=2904","title":{"rendered":"Nou cicle de Confer\u00e8ncies Arxiprestals"},"content":{"rendered":"\n<p>Sota el t\u00edtol <strong>&#8220;El Llegat de la Fe i els Reptes del M\u00f3n d&#8217;avui&#8221;<\/strong>, l&#8217;arxiprestat Anoia Segarra ha preparat aquest nou cicle per al segon trimestre del curs 2025\/2026, oferint temes d&#8217;actualitat presentats per ponents reconeguts en la seva especialitat. <\/p>\n\n\n\n<p>El programa de formaci\u00f3 arxiprestal s&#8217;ha consolidat com una eina valuosa per la qualitat dels continguts i dels ponents que hi ha intervingut des de fa ja diversos anys, amb una mitjana d&#8217;assist\u00e8ncia notable que s&#8217;hi aplega de forma regular. Les sessions es duen a terme tots els dimarts de 2\/4 de 8 a 2\/4 de 9 del vespre als locals parroquials del carrer Santa Maria, 8. Es obert a tothom i hi sou convidats. <\/p>\n\n\n\n<p>El programa, que tamb\u00e9 s&#8217;adjunta al peu en format cartell, us ofereix els temes seg\u00fcents: <br>Dia 13 de gener: \u201cExhortaci\u00f3 apost\u00f2lica del Papa Lle\u00f3: Dilexi Te\u201d, a c\u00e0rrec de Francesc Romeu, Capell\u00e0 i periodista. Dia 20 de gener: \u201cEl concili de Nicea: context hist\u00f2ric i significaci\u00f3\u201d, a c\u00e0rrec de Joan Ordi, Dr. en Filosofia i Llic. en Teologia. Dia 27 de gener: \u201cLes capelles antigues d\u2019Igualada\u201d, a c\u00e0rrec de Daniel Vilarrubias, Dr. en Hist\u00f2ria de l\u2019art, arxiver, escriptor i m\u00fasic. Dia 3 de febrer: \u201cPobresa avui\u201d, a c\u00e0rrec de Peio S\u00e1nchez. Rector de la parr\u00f2quia de Santa Anna de Barcelona. Dia 10 de febrer: \u201cPregar avui\u201d, encara sense anunciar ponent, que s&#8217;anunciar\u00e0 degudament.  Dia 17 de febrer: \u201cEls cristians davant el m\u00f3n convuls\u201d, a c\u00e0rrec de M\u00edriam D\u00edez, Periodista i professora universit\u00e0ria. Dia 24 de febrer: \u201cComensalitat i Eucaristia\u201d Joan Aurich, Capell\u00e0 i professor. Dia 3 de mar\u00e7: \u201cTurisme cristi\u00e0\u201d, a c\u00e0rrec de Dani Font, Director de Catalonia Sacra. Dia 10 de mar\u00e7: \u201cEl missatge cristi\u00e0 en un context plurireligi\u00f3s\u201d Dani Palau, Bisbe de Lleida, Llic. en Filosofia, Teologia i Hist\u00f2ria de l\u2019art.<\/p>\n\n\n\n<figure class=\"wp-block-image size-full is-resized\"><img loading=\"lazy\" decoding=\"async\" width=\"680\" height=\"911\" src=\"https:\/\/santamariaigualada.com\/cat\/wp-content\/uploads\/2026\/01\/CARTELL-CONFERENCIES-2026-1.jpg\" alt=\"\" class=\"wp-image-2906\" style=\"width:840px;height:auto\" srcset=\"https:\/\/santamariaigualada.com\/cat\/wp-content\/uploads\/2026\/01\/CARTELL-CONFERENCIES-2026-1.jpg 680w, https:\/\/santamariaigualada.com\/cat\/wp-content\/uploads\/2026\/01\/CARTELL-CONFERENCIES-2026-1-224x300.jpg 224w\" sizes=\"auto, (max-width: 680px) 100vw, 680px\" \/><\/figure>\n","protected":false},"excerpt":{"rendered":"<p>Sota el t\u00edtol &#8220;El Llegat de la Fe i els Reptes del M\u00f3n d&#8217;avui&#8221;, l&#8217;arxiprestat Anoia Segarra ha preparat aquest nou cicle per al segon trimestre del curs 2025\/2026, oferint&hellip;<\/p>\n","protected":false},"author":1,"featured_media":2905,"comment_status":"closed","ping_status":"closed","sticky":false,"template":"","format":"standard","meta":{"footnotes":""},"categories":[1],"tags":[],"class_list":["post-2904","post","type-post","status-publish","format-standard","has-post-thumbnail","hentry","category-uncategorized"],"_links":{"self":[{"href":"https:\/\/santamariaigualada.com\/cat\/index.php?rest_route=\/wp\/v2\/posts\/2904","targetHints":{"allow":["GET"]}}],"collection":[{"href":"https:\/\/santamariaigualada.com\/cat\/index.php?rest_route=\/wp\/v2\/posts"}],"about":[{"href":"https:\/\/santamariaigualada.com\/cat\/index.php?rest_route=\/wp\/v2\/types\/post"}],"author":[{"embeddable":true,"href":"https:\/\/santamariaigualada.com\/cat\/index.php?rest_route=\/wp\/v2\/users\/1"}],"replies":[{"embeddable":true,"href":"https:\/\/santamariaigualada.com\/cat\/index.php?rest_route=%2Fwp%2Fv2%2Fcomments&post=2904"}],"version-history":[{"count":1,"href":"https:\/\/santamariaigualada.com\/cat\/index.php?rest_route=\/wp\/v2\/posts\/2904\/revisions"}],"predecessor-version":[{"id":2907,"href":"https:\/\/santamariaigualada.com\/cat\/index.php?rest_route=\/wp\/v2\/posts\/2904\/revisions\/2907"}],"wp:featuredmedia":[{"embeddable":true,"href":"https:\/\/santamariaigualada.com\/cat\/index.php?rest_route=\/wp\/v2\/media\/2905"}],"wp:attachment":[{"href":"https:\/\/santamariaigualada.com\/cat\/index.php?rest_route=%2Fwp%2Fv2%2Fmedia&parent=2904"}],"wp:term":[{"taxonomy":"category","embeddable":true,"href":"https:\/\/santamariaigualada.com\/cat\/index.php?rest_route=%2Fwp%2Fv2%2Fcategories&post=2904"},{"taxonomy":"post_tag","embeddable":true,"href":"https:\/\/santamariaigualada.com\/cat\/index.php?rest_route=%2Fwp%2Fv2%2Ftags&post=2904"}],"curies":[{"name":"wp","href":"https:\/\/api.w.org\/{rel}","templated":true}]}}