{"id":2858,"date":"2025-12-20T18:06:39","date_gmt":"2025-12-20T18:06:39","guid":{"rendered":"https:\/\/santamariaigualada.com\/cat\/?p=2858"},"modified":"2025-12-21T08:12:13","modified_gmt":"2025-12-21T08:12:13","slug":"historia-de-caritas-a-igualada-1947-2024","status":"publish","type":"post","link":"https:\/\/santamariaigualada.com\/cat\/?p=2858","title":{"rendered":"Hist\u00f2ria de C\u00e0ritas a Igualada, 1947-2024"},"content":{"rendered":"\n<p>Dijous passat a la biblioteca central d\u2019Igualada va tenir lloc l\u2019acte de presentaci\u00f3 del llibre \u201chist\u00f2ria de C\u00e0ritas 1947-2024\u201d de Maria Teresa Miret.<\/p>\n\n\n\n<p>La sala d\u2019actes de la biblioteca es va omplir de gom a gom i a les 7 puntualment la Cesca Sol\u00e9 directora de C\u00e0ritas arxiprestal Anoia Segarra va obrir l\u2019acte donant la benvinguda a tots els assistents. Seguidament, Joan Farr\u00e9 va iniciar un di\u00e0leg amb l\u2019autora del llibre al decurs del qual ens el van presentar, desgranant-ne el contingut de forma amena i interesant. Seguidament la regidora de serveis socials de l&#8217;Ajuntament d&#8217;Igualada, Sandra de la Iglesia, va adre\u00e7ar unes paraules de reconeixement a la tasca de l&#8217;entitat i tamb\u00e9 a l&#8217;autora Teresa Miret, pel recull exhaustiu que n&#8217;ha fet, cloent l\u2019acte Mn. Eduard Flores president de C\u00e0ritas Anoia Segarra.<\/p>\n\n\n\n<p>Es van acompanyar a l\u2019acte tamb\u00e9 la regidora de cultura Carme Riera i el regidor Jordi Cuadras. aix\u00ed com tamb\u00e9 els responsables de C\u00e0ritas diocesana Ramon Mart\u00ednez i Mn. Josep Maria Riba, director de l&#8217;entitat al bisbat de Vic.<\/p>\n\n\n\n<p>Els assistents a l\u2019acte van estar obsequiats amb un exemplar del llibre. Els llibres es poden adquirir per 20\u20ac a la seu de C\u00e0ritas arxiprestal i tamb\u00e9 a les llibreries Llegim , Aqualata i Rabell.<\/p>\n\n\n\n<figure class=\"wp-block-image size-full is-resized\"><img loading=\"lazy\" decoding=\"async\" width=\"1264\" height=\"1150\" src=\"https:\/\/santamariaigualada.com\/cat\/wp-content\/uploads\/2025\/12\/CARITAS-LLIBRE-6.jpg\" alt=\"\" class=\"wp-image-2873\" style=\"aspect-ratio:1.26083093326797;width:840px;height:auto\" srcset=\"https:\/\/santamariaigualada.com\/cat\/wp-content\/uploads\/2025\/12\/CARITAS-LLIBRE-6.jpg 1264w, https:\/\/santamariaigualada.com\/cat\/wp-content\/uploads\/2025\/12\/CARITAS-LLIBRE-6-300x273.jpg 300w, https:\/\/santamariaigualada.com\/cat\/wp-content\/uploads\/2025\/12\/CARITAS-LLIBRE-6-1024x932.jpg 1024w, https:\/\/santamariaigualada.com\/cat\/wp-content\/uploads\/2025\/12\/CARITAS-LLIBRE-6-768x699.jpg 768w\" sizes=\"auto, (max-width: 1264px) 100vw, 1264px\" \/><\/figure>\n","protected":false},"excerpt":{"rendered":"<p>Dijous passat a la biblioteca central d\u2019Igualada va tenir lloc l\u2019acte de presentaci\u00f3 del llibre \u201chist\u00f2ria de C\u00e0ritas 1947-2024\u201d de Maria Teresa Miret. La sala d\u2019actes de la biblioteca es&hellip;<\/p>\n","protected":false},"author":1,"featured_media":2873,"comment_status":"closed","ping_status":"closed","sticky":false,"template":"","format":"standard","meta":{"footnotes":""},"categories":[1],"tags":[],"class_list":["post-2858","post","type-post","status-publish","format-standard","has-post-thumbnail","hentry","category-uncategorized"],"_links":{"self":[{"href":"https:\/\/santamariaigualada.com\/cat\/index.php?rest_route=\/wp\/v2\/posts\/2858","targetHints":{"allow":["GET"]}}],"collection":[{"href":"https:\/\/santamariaigualada.com\/cat\/index.php?rest_route=\/wp\/v2\/posts"}],"about":[{"href":"https:\/\/santamariaigualada.com\/cat\/index.php?rest_route=\/wp\/v2\/types\/post"}],"author":[{"embeddable":true,"href":"https:\/\/santamariaigualada.com\/cat\/index.php?rest_route=\/wp\/v2\/users\/1"}],"replies":[{"embeddable":true,"href":"https:\/\/santamariaigualada.com\/cat\/index.php?rest_route=%2Fwp%2Fv2%2Fcomments&post=2858"}],"version-history":[{"count":6,"href":"https:\/\/santamariaigualada.com\/cat\/index.php?rest_route=\/wp\/v2\/posts\/2858\/revisions"}],"predecessor-version":[{"id":2874,"href":"https:\/\/santamariaigualada.com\/cat\/index.php?rest_route=\/wp\/v2\/posts\/2858\/revisions\/2874"}],"wp:featuredmedia":[{"embeddable":true,"href":"https:\/\/santamariaigualada.com\/cat\/index.php?rest_route=\/wp\/v2\/media\/2873"}],"wp:attachment":[{"href":"https:\/\/santamariaigualada.com\/cat\/index.php?rest_route=%2Fwp%2Fv2%2Fmedia&parent=2858"}],"wp:term":[{"taxonomy":"category","embeddable":true,"href":"https:\/\/santamariaigualada.com\/cat\/index.php?rest_route=%2Fwp%2Fv2%2Fcategories&post=2858"},{"taxonomy":"post_tag","embeddable":true,"href":"https:\/\/santamariaigualada.com\/cat\/index.php?rest_route=%2Fwp%2Fv2%2Ftags&post=2858"}],"curies":[{"name":"wp","href":"https:\/\/api.w.org\/{rel}","templated":true}]}}